{"id":245,"date":"2022-04-16T20:01:37","date_gmt":"2022-04-16T18:01:37","guid":{"rendered":"http:\/\/valeriebogaert.fr\/?p=245"},"modified":"2024-02-03T23:42:49","modified_gmt":"2024-02-03T22:42:49","slug":"creativite-et-innovation-mises-a-lhonneur-le-21-avril","status":"publish","type":"post","link":"https:\/\/valeriebogaert.fr\/?p=245","title":{"rendered":"Cr\u00e9ativit\u00e9 et innovation mises \u00e0 l&#8217;honneur"},"content":{"rendered":"\n<p>Quel honneur d&#8217;avoir \u00e9t\u00e9 choisie pour d\u00e9marrer cette journ\u00e9e exceptionnelle d\u00e9di\u00e9e \u00e0 la CR\u00c9ATIVIT\u00c9 et organis\u00e9e par l&#8217;association Cr\u00e9a-France \ud83d\ude09<\/p>\n\n\n\n<p>En effet le 21 avril est la <a href=\"https:\/\/undocs.org\/Home\/Loader?FinalSymbol=A%2FRES%2F71%2F284&amp;Language=F&amp;DeviceType=Desktop&amp;LangRequested=True\" data-type=\"URL\" data-id=\"https:\/\/undocs.org\/Home\/Loader?FinalSymbol=A%2FRES%2F71%2F284&amp;Language=F&amp;DeviceType=Desktop&amp;LangRequested=True\">journ\u00e9e mondiale de la cr\u00e9ativit\u00e9 et de l\u2019innovation<\/a>, proclam\u00e9e par les Nations Unies depuis 2017.<\/p>\n\n\n\n<p>Au programme donc , plein d\u2019\u00e9v\u00e9nements gratuits \u00e0 distance et accessibles \u00e0 tous pour cogiter, vous amuser, d\u00e9couvrir comment l&#8217;intelligence collective fait \u00e9merger de nouvelles id\u00e9es !<\/p>\n\n\n\n<p><strong>Pour ma part, je vous donne donc RV pour un R\u00e9veil Cr\u00e9atif de 9h30 \u00e0 10h. <\/strong><\/p>\n\n\n\n<p><strong>L&#8217;objectif ?<\/strong> <strong>Visualiser ce qui vous met en \u00e9nergie avec la cr\u00e9ation de votre Constellation Positive.<\/strong><\/p>\n\n\n\n<p>Des mots cl\u00e9s et quelques pictogrammes et le tour est jou\u00e9&nbsp;! Pas besoin de savoir dessiner, c\u2019est justement la magie de la pens\u00e9e visuelle.<\/p>\n\n\n\n<p>Laissez vos mains s&#8217;exprimer&nbsp;: ce court atelier est l\u2019occasion de retrouver votre \u00e2me d\u2019enfant, de vous faire confiance, de l\u00e2cher-prise.<\/p>\n\n\n\n<p>Pensez \u00e0 pr\u00e9voir feuilles blanches et feutres de couleur \ud83d\ude09<\/p>\n\n\n\n<p>Voici les infos pour vous connecter le jour J :<\/p>\n\n\n\n<p>Lien Zoom : <a rel=\"noreferrer noopener\" href=\"https:\/\/u-paris.zoom.us\/j\/85043915887?pwd=citYZ29LVXAvVjExTmVNNHVFRzl5QT09&amp;fbclid=IwAR3VzWzjeyXTfp0ydz-WO0nZVhNlCoQ1RFLAwQ_1w-EgK65lN888UT9hm40\" target=\"_blank\">https:\/\/u-paris.zoom.us\/j\/85043915887?pwd=citYZ29LVXAvVjExTmVNNHVFRzl5QT09<\/a><\/p>\n\n\n\n<p>Salle de r\u00e9union : 850 4391 5887<\/p>\n\n\n\n<p>Mot de passe : 210422<\/p>\n\n\n\n<p>Alors j&#8217;esp\u00e8re \u00e0 tr\u00e8s vite pour booster cr\u00e9ativit\u00e9 et innovation !<\/p>\n\n\n\n<p>Val\u00e9rie<\/p>\n\n\n\n<figure class=\"wp-block-image size-large\"><img decoding=\"async\" loading=\"lazy\" width=\"810\" height=\"648\" src=\"https:\/\/i0.wp.com\/valeriebogaert.fr\/wp-content\/uploads\/2022\/04\/Re\u0301veil-cre\u0301atif-copie.jpg?resize=810%2C648\" alt=\"\" class=\"wp-image-246\" srcset=\"https:\/\/i0.wp.com\/valeriebogaert.fr\/wp-content\/uploads\/2022\/04\/Re\u0301veil-cre\u0301atif-copie.jpg?resize=1024%2C819&amp;ssl=1 1024w, https:\/\/i0.wp.com\/valeriebogaert.fr\/wp-content\/uploads\/2022\/04\/Re\u0301veil-cre\u0301atif-copie.jpg?resize=300%2C240&amp;ssl=1 300w, https:\/\/i0.wp.com\/valeriebogaert.fr\/wp-content\/uploads\/2022\/04\/Re\u0301veil-cre\u0301atif-copie.jpg?resize=768%2C614&amp;ssl=1 768w, https:\/\/i0.wp.com\/valeriebogaert.fr\/wp-content\/uploads\/2022\/04\/Re\u0301veil-cre\u0301atif-copie.jpg?resize=1536%2C1229&amp;ssl=1 1536w, https:\/\/i0.wp.com\/valeriebogaert.fr\/wp-content\/uploads\/2022\/04\/Re\u0301veil-cre\u0301atif-copie.jpg?resize=75%2C60&amp;ssl=1 75w, https:\/\/i0.wp.com\/valeriebogaert.fr\/wp-content\/uploads\/2022\/04\/Re\u0301veil-cre\u0301atif-copie.jpg?w=2000&amp;ssl=1 2000w, https:\/\/i0.wp.com\/valeriebogaert.fr\/wp-content\/uploads\/2022\/04\/Re\u0301veil-cre\u0301atif-copie.jpg?w=1620 1620w\" sizes=\"(max-width: 810px) 100vw, 810px\" data-recalc-dims=\"1\" \/><\/figure>\n","protected":false},"excerpt":{"rendered":"<p>Quel honneur d&#8217;avoir \u00e9t\u00e9 choisie pour d\u00e9marrer cette journ\u00e9e exceptionnelle d\u00e9di\u00e9e \u00e0 la CR\u00c9ATIVIT\u00c9 et organis\u00e9e par l&#8217;association Cr\u00e9a-France \ud83d\ude09<\/p>\n","protected":false},"author":1,"featured_media":246,"comment_status":"open","ping_status":"open","sticky":false,"template":"","format":"standard","meta":{"advanced_seo_description":"Quel honneur d'avoir \u00e9t\u00e9 choisie pour d\u00e9marrer cette journ\u00e9e exceptionnelle d\u00e9di\u00e9e \u00e0 la CR\u00c9ATIVIT\u00c9 et organis\u00e9e par l'association Cr\u00e9a-France","jetpack_seo_html_title":"Cr\u00e9ativit\u00e9 et innovation ","jetpack_seo_noindex":false,"footnotes":"","_jetpack_memberships_contains_paid_content":false,"jetpack_publicize_message":"","jetpack_publicize_feature_enabled":true,"jetpack_social_post_already_shared":false,"jetpack_social_options":{"image_generator_settings":{"template":"highway","enabled":false}}},"categories":[7],"tags":[],"jetpack_publicize_connections":[],"jetpack_sharing_enabled":true,"jetpack_featured_media_url":"https:\/\/i0.wp.com\/valeriebogaert.fr\/wp-content\/uploads\/2022\/04\/Re\u0301veil-cre\u0301atif-copie.jpg?fit=2000%2C1600&ssl=1","jetpack-related-posts":[],"_links":{"self":[{"href":"https:\/\/valeriebogaert.fr\/index.php?rest_route=\/wp\/v2\/posts\/245"}],"collection":[{"href":"https:\/\/valeriebogaert.fr\/index.php?rest_route=\/wp\/v2\/posts"}],"about":[{"href":"https:\/\/valeriebogaert.fr\/index.php?rest_route=\/wp\/v2\/types\/post"}],"author":[{"embeddable":true,"href":"https:\/\/valeriebogaert.fr\/index.php?rest_route=\/wp\/v2\/users\/1"}],"replies":[{"embeddable":true,"href":"https:\/\/valeriebogaert.fr\/index.php?rest_route=%2Fwp%2Fv2%2Fcomments&post=245"}],"version-history":[{"count":2,"href":"https:\/\/valeriebogaert.fr\/index.php?rest_route=\/wp\/v2\/posts\/245\/revisions"}],"predecessor-version":[{"id":551,"href":"https:\/\/valeriebogaert.fr\/index.php?rest_route=\/wp\/v2\/posts\/245\/revisions\/551"}],"wp:featuredmedia":[{"embeddable":true,"href":"https:\/\/valeriebogaert.fr\/index.php?rest_route=\/wp\/v2\/media\/246"}],"wp:attachment":[{"href":"https:\/\/valeriebogaert.fr\/index.php?rest_route=%2Fwp%2Fv2%2Fmedia&parent=245"}],"wp:term":[{"taxonomy":"category","embeddable":true,"href":"https:\/\/valeriebogaert.fr\/index.php?rest_route=%2Fwp%2Fv2%2Fcategories&post=245"},{"taxonomy":"post_tag","embeddable":true,"href":"https:\/\/valeriebogaert.fr\/index.php?rest_route=%2Fwp%2Fv2%2Ftags&post=245"}],"curies":[{"name":"wp","href":"https:\/\/api.w.org\/{rel}","templated":true}]}}