{"id":593,"date":"2024-04-22T16:03:45","date_gmt":"2024-04-22T14:03:45","guid":{"rendered":"http:\/\/valeriebogaert.fr\/?p=593"},"modified":"2024-04-22T16:03:46","modified_gmt":"2024-04-22T14:03:46","slug":"le-world-cafe-une-technique-danimation-en-equipe","status":"publish","type":"post","link":"https:\/\/valeriebogaert.fr\/?p=593","title":{"rendered":"Le World Caf\u00e9, une technique d&#8217;animation en \u00e9quipe"},"content":{"rendered":"\n<p><strong>Exemple de th\u00e9matiques trait\u00e9es sur 1 heure 30 de r\u00e9union <\/strong><\/p>\n\n\n\n<p>\u2611 Faire rimer r\u00e9union avec efficacit\u00e9<br>\u2611 Am\u00e9liorer la communication en interne<br>\u2611 Favoriser les projets transverses<br><br>\u27a1 Voil\u00e0 3 pistes concr\u00e8tes qui ont r\u00e9sult\u00e9 d&#8217;une r\u00e9cente s\u00e9ance collective en mode <strong>WORLD CAF\u00c9.<\/strong><\/p>\n\n\n\n<p><br><strong>Les principaux atouts de cette m\u00e9thode d&#8217;intelligence collective :<\/strong><br>&#8211; r\u00e9flexion participative<br>&#8211; pollinisation des id\u00e9es (les participants changent de table pour donner leur point de vue \u00e0 tour de r\u00f4le, cela permet de rebondir sur ce qui a d\u00e9j\u00e0 \u00e9t\u00e9 \u00e9voqu\u00e9 et d&#8217;aller de plus en plus loin)<br>&#8211; le cot\u00e9 d\u00e9cal\u00e9 et ludique pour travailler s\u00e9rieusement tout en s&#8217;amusant<\/p>\n\n\n\n<p><\/p>\n\n\n\n<p><strong>Comment s&#8217;y prendre pour animer avec un Word Caf\u00e9 ?<\/strong><\/p>\n\n\n\n<p>D\u00e9cider collectivement de plusieurs questions \u00e0 explorer pour organiser dans la salle autant de tables th\u00e9matiques. Dans l&#8217;esprit &#8220;caf\u00e9&#8221;, les participants sont invit\u00e9s \u00e0 \u00e9crie directement sur une nappe en papier ou paperboard mis \u00e0 disposition. <\/p>\n\n\n\n<figure class=\"wp-block-image size-large\"><img decoding=\"async\" loading=\"lazy\" width=\"810\" height=\"608\" src=\"https:\/\/i0.wp.com\/valeriebogaert.fr\/wp-content\/uploads\/2024\/04\/World-cafe-lors-dun-seminaire.jpg?resize=810%2C608\" alt=\"coh\u00e9sion d'\u00e9quipe\" class=\"wp-image-595\" srcset=\"https:\/\/i0.wp.com\/valeriebogaert.fr\/wp-content\/uploads\/2024\/04\/World-cafe-lors-dun-seminaire-scaled.jpg?resize=1024%2C768&amp;ssl=1 1024w, https:\/\/i0.wp.com\/valeriebogaert.fr\/wp-content\/uploads\/2024\/04\/World-cafe-lors-dun-seminaire-scaled.jpg?resize=300%2C225&amp;ssl=1 300w, https:\/\/i0.wp.com\/valeriebogaert.fr\/wp-content\/uploads\/2024\/04\/World-cafe-lors-dun-seminaire-scaled.jpg?resize=768%2C576&amp;ssl=1 768w, https:\/\/i0.wp.com\/valeriebogaert.fr\/wp-content\/uploads\/2024\/04\/World-cafe-lors-dun-seminaire-scaled.jpg?resize=1536%2C1152&amp;ssl=1 1536w, https:\/\/i0.wp.com\/valeriebogaert.fr\/wp-content\/uploads\/2024\/04\/World-cafe-lors-dun-seminaire-scaled.jpg?resize=2048%2C1536&amp;ssl=1 2048w, https:\/\/i0.wp.com\/valeriebogaert.fr\/wp-content\/uploads\/2024\/04\/World-cafe-lors-dun-seminaire-scaled.jpg?resize=80%2C60&amp;ssl=1 80w, https:\/\/i0.wp.com\/valeriebogaert.fr\/wp-content\/uploads\/2024\/04\/World-cafe-lors-dun-seminaire-scaled.jpg?w=1620 1620w, https:\/\/i0.wp.com\/valeriebogaert.fr\/wp-content\/uploads\/2024\/04\/World-cafe-lors-dun-seminaire-scaled.jpg?w=2430 2430w\" sizes=\"(max-width: 810px) 100vw, 810px\" data-recalc-dims=\"1\" \/><\/figure>\n\n\n\n<p>L&#8217;animateur de chaque th\u00e9matique reste \u00e0 sa table, il anime les discussions et lorsque les groupes changent de table \u00e0 fr\u00e9quence r\u00e9guli\u00e8re il restitue les id\u00e9es cl\u00e9s afin que les nouveaux participants viennent enrichir ce qui a d\u00e9j\u00e0 \u00e9t\u00e9 dit. En fin de session chaque animateur fait une restitution en format pl\u00e9ni\u00e8re \u00e0 l&#8217;ensemble du groupe.<\/p>\n\n\n\n<p><br>Pour r\u00e9sumer cela je n&#8217;ai pas r\u00e9sist\u00e9 \u00e0 l&#8217;envie de vous faire un dessin fa\u00e7on Sketchnote !<\/p>\n\n\n\n<figure class=\"wp-block-image size-large\"><img decoding=\"async\" loading=\"lazy\" width=\"810\" height=\"608\" src=\"https:\/\/i0.wp.com\/valeriebogaert.fr\/wp-content\/uploads\/2024\/04\/World-cafe-une-technique-danimation-de-reunion.jpg?resize=810%2C608\" alt=\"world caf\u00e9 \" class=\"wp-image-594\" srcset=\"https:\/\/i0.wp.com\/valeriebogaert.fr\/wp-content\/uploads\/2024\/04\/World-cafe-une-technique-danimation-de-reunion-scaled.jpg?resize=1024%2C768&amp;ssl=1 1024w, https:\/\/i0.wp.com\/valeriebogaert.fr\/wp-content\/uploads\/2024\/04\/World-cafe-une-technique-danimation-de-reunion-scaled.jpg?resize=300%2C225&amp;ssl=1 300w, https:\/\/i0.wp.com\/valeriebogaert.fr\/wp-content\/uploads\/2024\/04\/World-cafe-une-technique-danimation-de-reunion-scaled.jpg?resize=768%2C576&amp;ssl=1 768w, https:\/\/i0.wp.com\/valeriebogaert.fr\/wp-content\/uploads\/2024\/04\/World-cafe-une-technique-danimation-de-reunion-scaled.jpg?resize=1536%2C1152&amp;ssl=1 1536w, https:\/\/i0.wp.com\/valeriebogaert.fr\/wp-content\/uploads\/2024\/04\/World-cafe-une-technique-danimation-de-reunion-scaled.jpg?resize=2048%2C1536&amp;ssl=1 2048w, https:\/\/i0.wp.com\/valeriebogaert.fr\/wp-content\/uploads\/2024\/04\/World-cafe-une-technique-danimation-de-reunion-scaled.jpg?resize=80%2C60&amp;ssl=1 80w, https:\/\/i0.wp.com\/valeriebogaert.fr\/wp-content\/uploads\/2024\/04\/World-cafe-une-technique-danimation-de-reunion-scaled.jpg?w=1620 1620w, https:\/\/i0.wp.com\/valeriebogaert.fr\/wp-content\/uploads\/2024\/04\/World-cafe-une-technique-danimation-de-reunion-scaled.jpg?w=2430 2430w\" sizes=\"(max-width: 810px) 100vw, 810px\" data-recalc-dims=\"1\" \/><\/figure>\n\n\n\n<p><\/p>\n\n\n\n<p><br>Et vous, avez-vous d\u00e9j\u00e0 test\u00e9 ou v\u00e9cu cette m\u00e9thode d&#8217;animation de r\u00e9union ? Qu&#8217;en avez vous retenu ?Si vous souhaitez un accompagnement collectif et\/ou des mani\u00e8res cr\u00e9atives de favoriser l&#8217;id\u00e9ation en \u00e9quipe, je suis \u00e0 votre \u00e9coute.<\/p>\n","protected":false},"excerpt":{"rendered":"<p>Les principaux atouts du Word Caf\u00e9, m\u00e9thode d&#8217;intelligence collective :<br \/>\n&#8211; r\u00e9flexion participative<br \/>\n&#8211; animation de grands groupes<\/p>\n","protected":false},"author":1,"featured_media":594,"comment_status":"open","ping_status":"open","sticky":false,"template":"","format":"standard","meta":{"advanced_seo_description":"","jetpack_seo_html_title":"","jetpack_seo_noindex":false,"footnotes":"","_jetpack_memberships_contains_paid_content":false,"jetpack_publicize_message":"","jetpack_publicize_feature_enabled":false,"jetpack_social_post_already_shared":false,"jetpack_social_options":{"image_generator_settings":{"template":"highway","enabled":false}}},"categories":[23],"tags":[28,24,5],"jetpack_publicize_connections":[],"jetpack_sharing_enabled":true,"jetpack_featured_media_url":"https:\/\/i0.wp.com\/valeriebogaert.fr\/wp-content\/uploads\/2024\/04\/World-cafe-une-technique-danimation-de-reunion-scaled.jpg?fit=2560%2C1920&ssl=1","jetpack-related-posts":[],"_links":{"self":[{"href":"https:\/\/valeriebogaert.fr\/index.php?rest_route=\/wp\/v2\/posts\/593"}],"collection":[{"href":"https:\/\/valeriebogaert.fr\/index.php?rest_route=\/wp\/v2\/posts"}],"about":[{"href":"https:\/\/valeriebogaert.fr\/index.php?rest_route=\/wp\/v2\/types\/post"}],"author":[{"embeddable":true,"href":"https:\/\/valeriebogaert.fr\/index.php?rest_route=\/wp\/v2\/users\/1"}],"replies":[{"embeddable":true,"href":"https:\/\/valeriebogaert.fr\/index.php?rest_route=%2Fwp%2Fv2%2Fcomments&post=593"}],"version-history":[{"count":1,"href":"https:\/\/valeriebogaert.fr\/index.php?rest_route=\/wp\/v2\/posts\/593\/revisions"}],"predecessor-version":[{"id":596,"href":"https:\/\/valeriebogaert.fr\/index.php?rest_route=\/wp\/v2\/posts\/593\/revisions\/596"}],"wp:featuredmedia":[{"embeddable":true,"href":"https:\/\/valeriebogaert.fr\/index.php?rest_route=\/wp\/v2\/media\/594"}],"wp:attachment":[{"href":"https:\/\/valeriebogaert.fr\/index.php?rest_route=%2Fwp%2Fv2%2Fmedia&parent=593"}],"wp:term":[{"taxonomy":"category","embeddable":true,"href":"https:\/\/valeriebogaert.fr\/index.php?rest_route=%2Fwp%2Fv2%2Fcategories&post=593"},{"taxonomy":"post_tag","embeddable":true,"href":"https:\/\/valeriebogaert.fr\/index.php?rest_route=%2Fwp%2Fv2%2Ftags&post=593"}],"curies":[{"name":"wp","href":"https:\/\/api.w.org\/{rel}","templated":true}]}}