{"id":645,"date":"2025-12-22T17:06:32","date_gmt":"2025-12-22T16:06:32","guid":{"rendered":"http:\/\/valeriebogaert.fr\/?p=645"},"modified":"2026-03-29T22:15:10","modified_gmt":"2026-03-29T20:15:10","slug":"ameliorer-son-efficacite-grace-aux-cartes-mentales","status":"publish","type":"post","link":"https:\/\/valeriebogaert.fr\/?p=645","title":{"rendered":"Am\u00e9liorer son efficacit\u00e9 gr\u00e2ce aux Cartes Mentales (Mind Mapping)"},"content":{"rendered":"\n<h2 class=\"wp-block-heading\">C&#8217;est quoi une Carte Mentale au juste ?<\/h2>\n\n\n\n<p>Vous avez l\u2019impression de passer parfois du coq \u00e0 l\u2019\u00e2ne, de passer votre vie \u00e0 faire des connexions entre diff\u00e9rents sujets&nbsp;? Les id\u00e9es fusent certainement dans votre esprit en mode pop-corn et vous \u00eates sans forc\u00e9ment le savoir adepte de la pens\u00e9e radiale qui fait la puissance et la singularit\u00e9 de la Carte Mentale, appel\u00e9e aussi Mind Map en anglais.<\/p>\n\n\n\n<p>Tony Buzan, psychologue britannique qui cherchait \u00e0 optimiser ses apprentissages, a conceptualis\u00e9 dans les ann\u00e9es 70 la m\u00e9thode. Il pr\u00f4nait une approche m\u00e9morielle multimodale naturelle qui utilise les ressources du cerveau en associant mots-cl\u00e9s, dessins simplifi\u00e9s de type pictogrammes, couleurs&#8230; et est l\u2019auteur d\u2019ouvrages et de vid\u00e9os qui m\u2019ont largement inspir\u00e9.<\/p>\n\n\n\n<p>Je suis fan des approches de Pens\u00e9e Visuelle et \u00e9galement des processus cr\u00e9atifs. La Carte Mentale s\u2019est donc naturellement trouv\u00e9e sur mon chemin&nbsp;!<\/p>\n\n\n\n<p><strong>Pour vous former vous aussi je vous propose une formation en pr\u00e9sentiel sur Lyon le lundi 19 octobre 2026. <\/strong><\/p>\n\n\n\n<p>Voici un exemple r\u00e9alis\u00e9 par mes soins sur le logiciel <a href=\"https:\/\/xmind.app\/\">X MIND<\/a> :<\/p>\n\n\n\n<figure class=\"wp-block-image size-large\"><img decoding=\"async\" loading=\"lazy\" width=\"810\" height=\"247\" src=\"https:\/\/i0.wp.com\/valeriebogaert.fr\/wp-content\/uploads\/2024\/09\/carte-mentale-role-du-manager.jpg?resize=810%2C247\" alt=\"carte mentale X Mind\" class=\"wp-image-646\" srcset=\"https:\/\/i0.wp.com\/valeriebogaert.fr\/wp-content\/uploads\/2024\/09\/carte-mentale-role-du-manager.jpg?resize=1024%2C312&amp;ssl=1 1024w, https:\/\/i0.wp.com\/valeriebogaert.fr\/wp-content\/uploads\/2024\/09\/carte-mentale-role-du-manager.jpg?resize=300%2C91&amp;ssl=1 300w, https:\/\/i0.wp.com\/valeriebogaert.fr\/wp-content\/uploads\/2024\/09\/carte-mentale-role-du-manager.jpg?resize=768%2C234&amp;ssl=1 768w, https:\/\/i0.wp.com\/valeriebogaert.fr\/wp-content\/uploads\/2024\/09\/carte-mentale-role-du-manager.jpg?resize=1536%2C468&amp;ssl=1 1536w, https:\/\/i0.wp.com\/valeriebogaert.fr\/wp-content\/uploads\/2024\/09\/carte-mentale-role-du-manager.jpg?resize=2048%2C625&amp;ssl=1 2048w, https:\/\/i0.wp.com\/valeriebogaert.fr\/wp-content\/uploads\/2024\/09\/carte-mentale-role-du-manager.jpg?resize=197%2C60&amp;ssl=1 197w, https:\/\/i0.wp.com\/valeriebogaert.fr\/wp-content\/uploads\/2024\/09\/carte-mentale-role-du-manager.jpg?w=1620 1620w\" sizes=\"(max-width: 810px) 100vw, 810px\" data-recalc-dims=\"1\" \/><\/figure>\n\n\n\n<h2 class=\"wp-block-heading\">Prendre le temps de r\u00e9aliser une Carte Mentale a de nombreux b\u00e9n\u00e9fices. <\/h2>\n\n\n\n<p>Cela &nbsp;permet de synth\u00e9tiser les informations, de les m\u00e9moriser et de les partager \u00e0 d\u2019autres pour les faire comprendre en un clin d\u2019\u0153il.<\/p>\n\n\n\n<p>Pas \u00e9tonnant que cette approche connaisse un engouement dans les apprentissages et formations, pour autant elle gagnerait a \u00eatre d\u00e9ploy\u00e9e encore d\u2019avantage dans les milieux professionnels.<\/p>\n\n\n\n<p>Un client m\u2019expliquait r\u00e9cemment l\u2019utiliser d\u00e9sormais pour la phase d\u2019int\u00e9gration des salari\u00e9s avec tout un programme pr\u00e9sent\u00e9 visuellement de mani\u00e8re attractive.<\/p>\n\n\n\n<p>Des \u00e9tudiants m\u2019ont dit avoir organis\u00e9 leur CV de cette fa\u00e7on \u00e9galement pour sortir du lot.<\/p>\n\n\n\n<p>C\u2019est bien s\u00fbr un classique des phases de brainstorming (en individuel comme en collectif). Bref, les id\u00e9es d\u2019utilisation sont nombreuses&nbsp;! <\/p>\n\n\n\n<p>J&#8217;en profite pour remercier le <a href=\"https:\/\/cmit.fr\/\">Club des Marketers in Tech<\/a> qui a organis\u00e9 une journ\u00e9e de formation sur-mesure pour ses membres. <strong>Marketing et Carte Mentale voil\u00e0 en effet une combinaison gagnante pour faire rimer cr\u00e9ativit\u00e9 avec efficacit\u00e9<\/strong>. Au menu : r\u00e9flexion sur les strat\u00e9gies d&#8217;engagement sur les R\u00e9seaux Sociaux, cr\u00e9ation de SWOT, pistes pour un anniversaire d&#8217;entreprise &#8230;<\/p>\n\n\n\n<figure class=\"wp-block-image\"><img decoding=\"async\" loading=\"lazy\" width=\"810\" height=\"569\" src=\"https:\/\/i0.wp.com\/valeriebogaert.fr\/wp-content\/uploads\/2024\/09\/formation-X-Mind-scaled.jpg?resize=810%2C569\" alt=\"carte mentale\" class=\"wp-image-656\" srcset=\"https:\/\/i0.wp.com\/valeriebogaert.fr\/wp-content\/uploads\/2024\/09\/formation-X-Mind-scaled.jpg?w=2560&amp;ssl=1 2560w, https:\/\/i0.wp.com\/valeriebogaert.fr\/wp-content\/uploads\/2024\/09\/formation-X-Mind-scaled.jpg?resize=300%2C211&amp;ssl=1 300w, https:\/\/i0.wp.com\/valeriebogaert.fr\/wp-content\/uploads\/2024\/09\/formation-X-Mind-scaled.jpg?resize=1024%2C720&amp;ssl=1 1024w, https:\/\/i0.wp.com\/valeriebogaert.fr\/wp-content\/uploads\/2024\/09\/formation-X-Mind-scaled.jpg?resize=768%2C540&amp;ssl=1 768w, https:\/\/i0.wp.com\/valeriebogaert.fr\/wp-content\/uploads\/2024\/09\/formation-X-Mind-scaled.jpg?resize=1536%2C1080&amp;ssl=1 1536w, https:\/\/i0.wp.com\/valeriebogaert.fr\/wp-content\/uploads\/2024\/09\/formation-X-Mind-scaled.jpg?resize=2048%2C1439&amp;ssl=1 2048w, https:\/\/i0.wp.com\/valeriebogaert.fr\/wp-content\/uploads\/2024\/09\/formation-X-Mind-scaled.jpg?resize=85%2C60&amp;ssl=1 85w, https:\/\/i0.wp.com\/valeriebogaert.fr\/wp-content\/uploads\/2024\/09\/formation-X-Mind-scaled.jpg?w=1620 1620w, https:\/\/i0.wp.com\/valeriebogaert.fr\/wp-content\/uploads\/2024\/09\/formation-X-Mind-scaled.jpg?w=2430 2430w\" sizes=\"(max-width: 810px) 100vw, 810px\" data-recalc-dims=\"1\" \/><\/figure>\n\n\n\n<h2 class=\"wp-block-heading\">Alors la carte mentale, comment la r\u00e9aliser&nbsp;? A la main ou sur logiciel&nbsp;?<\/h2>\n\n\n\n<p>Pour commencer je recommande de vous familiariser avec la cr\u00e9ation de carte sous forme de brouillons r\u00e9alis\u00e9s \u00e0 la main sur papier.<\/p>\n\n\n\n<p>Ensuite cela d\u00e9pend de vos attentes. Si vous pensez travailler en mode gestion de projet \u00e0 plusieurs ou partager une communication, la version sur logiciel (carte num\u00e9rique) a cela de pratique que c\u2019est facile de faire des mise \u00e0 jour et g\u00e9rer des cartes imbriqu\u00e9es (cartes m\u00e8res et cartes filles) et donc de collaborer en temps r\u00e9el. <\/p>\n\n\n\n<p>Un dernier conseil&nbsp;: pensez toujours \u00e0 votre objectif et aux questions CQQCOQP&nbsp;!<\/p>\n\n\n\n<p>Trop d\u2019info tue l\u2019info alors pour vous aider \u00e0 prioriser et choisir les \u00e9l\u00e9ments cl\u00e9s \u00e0 garder, avoir votre objectif en ligne de mire sera d\u2019une aide pr\u00e9cieuse.<\/p>\n\n\n\n<p>Rappelons-nous pour l\u2019occasion Einstein avec cette citation&nbsp;: \u00ab&nbsp;<em>si j\u2019avais une heure pour r\u00e9soudre un probl\u00e8me, je passerais 55 minutes \u00e0 r\u00e9fl\u00e9chir au probl\u00e8me et 5 minutes \u00e0 r\u00e9fl\u00e9chir aux solutions<\/em>&nbsp;\u00bb.<\/p>\n\n\n\n<p>Comment, Quoi, Qui, Combien, O\u00f9, Quand et Pourquoi sont enfin des questions fort utiles \u00e0 se poser&nbsp;pour explorer un sujet sous toutes ses facettes.<\/p>\n\n\n\n<p>Maintenant, \u00e0 vous de jouer&nbsp;!<\/p>\n\n\n\n<figure class=\"wp-block-image size-large\"><img decoding=\"async\" loading=\"lazy\" width=\"810\" height=\"584\" src=\"https:\/\/i0.wp.com\/valeriebogaert.fr\/wp-content\/uploads\/2024\/09\/pourquoi-jaime-la-carte-mentale.jpg?resize=810%2C584\" alt=\"\" class=\"wp-image-647\" srcset=\"https:\/\/i0.wp.com\/valeriebogaert.fr\/wp-content\/uploads\/2024\/09\/pourquoi-jaime-la-carte-mentale-scaled.jpg?resize=1024%2C738&amp;ssl=1 1024w, https:\/\/i0.wp.com\/valeriebogaert.fr\/wp-content\/uploads\/2024\/09\/pourquoi-jaime-la-carte-mentale-scaled.jpg?resize=300%2C216&amp;ssl=1 300w, https:\/\/i0.wp.com\/valeriebogaert.fr\/wp-content\/uploads\/2024\/09\/pourquoi-jaime-la-carte-mentale-scaled.jpg?resize=768%2C554&amp;ssl=1 768w, https:\/\/i0.wp.com\/valeriebogaert.fr\/wp-content\/uploads\/2024\/09\/pourquoi-jaime-la-carte-mentale-scaled.jpg?resize=1536%2C1107&amp;ssl=1 1536w, https:\/\/i0.wp.com\/valeriebogaert.fr\/wp-content\/uploads\/2024\/09\/pourquoi-jaime-la-carte-mentale-scaled.jpg?resize=2048%2C1476&amp;ssl=1 2048w, https:\/\/i0.wp.com\/valeriebogaert.fr\/wp-content\/uploads\/2024\/09\/pourquoi-jaime-la-carte-mentale-scaled.jpg?resize=83%2C60&amp;ssl=1 83w, https:\/\/i0.wp.com\/valeriebogaert.fr\/wp-content\/uploads\/2024\/09\/pourquoi-jaime-la-carte-mentale-scaled.jpg?w=1620 1620w, https:\/\/i0.wp.com\/valeriebogaert.fr\/wp-content\/uploads\/2024\/09\/pourquoi-jaime-la-carte-mentale-scaled.jpg?w=2430 2430w\" sizes=\"(max-width: 810px) 100vw, 810px\" data-recalc-dims=\"1\" \/><\/figure>\n\n\n\n<p><strong>Pour aller + loin sur le sujet :<\/strong><\/p>\n\n\n\n<p>Si vous avez besoin de conseils plus sp\u00e9cifiques, faites moi part de vos demandes en \u00e9crivant \u00e0 vbogaert.coaching@gmail.com<\/p>\n\n\n\n<p>Si vous cherchez un ouvrage pour des s\u00e9ances d&#8217;auto coaching afin de vous aider \u00e0 trouver des id\u00e9es faites un tour sur la page qui pr\u00e9sente le livre <a href=\"http:\/\/valeriebogaert.fr\/?page_id=56\">Lib\u00e9rer sa cr\u00e9ativit\u00e9 <\/a>que j&#8217;ai co\u00e9crit.<\/p>\n","protected":false},"excerpt":{"rendered":"<p>Je suis fan des approches de Pens\u00e9e Visuelle et \u00e9galement des processus cr\u00e9atifs. Le Mind Mapping s\u2019est donc naturellement trouv\u00e9 sur mon chemin\u00a0!<br \/>\nPrendre le temps de r\u00e9aliser une Carte Mentale a de nombreux b\u00e9n\u00e9fices.<\/p>\n","protected":false},"author":1,"featured_media":646,"comment_status":"open","ping_status":"open","sticky":false,"template":"","format":"standard","meta":{"advanced_seo_description":"Prendre le temps de r\u00e9aliser une Carte Mentale a de nombreux b\u00e9n\u00e9fices. \nCela \u00a0permet de synth\u00e9tiser les informations, de les m\u00e9moriser et de les partager \u00e0 d\u2019autres pour les faire comprendre en un clin d\u2019\u0153il.","jetpack_seo_html_title":"AM\u00c9LIORER SON EFFICACIT\u00c9 GR\u00c2CE AUX CARTES MENTALES","jetpack_seo_noindex":false,"footnotes":"","_jetpack_memberships_contains_paid_content":false,"jetpack_publicize_message":"","jetpack_publicize_feature_enabled":false,"jetpack_social_post_already_shared":false,"jetpack_social_options":{"image_generator_settings":{"template":"highway","enabled":false}}},"categories":[7],"tags":[30,11],"jetpack_publicize_connections":[],"jetpack_sharing_enabled":true,"jetpack_featured_media_url":"https:\/\/i0.wp.com\/valeriebogaert.fr\/wp-content\/uploads\/2024\/09\/carte-mentale-role-du-manager.jpg?fit=2066%2C630&ssl=1","jetpack-related-posts":[],"_links":{"self":[{"href":"https:\/\/valeriebogaert.fr\/index.php?rest_route=\/wp\/v2\/posts\/645"}],"collection":[{"href":"https:\/\/valeriebogaert.fr\/index.php?rest_route=\/wp\/v2\/posts"}],"about":[{"href":"https:\/\/valeriebogaert.fr\/index.php?rest_route=\/wp\/v2\/types\/post"}],"author":[{"embeddable":true,"href":"https:\/\/valeriebogaert.fr\/index.php?rest_route=\/wp\/v2\/users\/1"}],"replies":[{"embeddable":true,"href":"https:\/\/valeriebogaert.fr\/index.php?rest_route=%2Fwp%2Fv2%2Fcomments&post=645"}],"version-history":[{"count":6,"href":"https:\/\/valeriebogaert.fr\/index.php?rest_route=\/wp\/v2\/posts\/645\/revisions"}],"predecessor-version":[{"id":871,"href":"https:\/\/valeriebogaert.fr\/index.php?rest_route=\/wp\/v2\/posts\/645\/revisions\/871"}],"wp:featuredmedia":[{"embeddable":true,"href":"https:\/\/valeriebogaert.fr\/index.php?rest_route=\/wp\/v2\/media\/646"}],"wp:attachment":[{"href":"https:\/\/valeriebogaert.fr\/index.php?rest_route=%2Fwp%2Fv2%2Fmedia&parent=645"}],"wp:term":[{"taxonomy":"category","embeddable":true,"href":"https:\/\/valeriebogaert.fr\/index.php?rest_route=%2Fwp%2Fv2%2Fcategories&post=645"},{"taxonomy":"post_tag","embeddable":true,"href":"https:\/\/valeriebogaert.fr\/index.php?rest_route=%2Fwp%2Fv2%2Ftags&post=645"}],"curies":[{"name":"wp","href":"https:\/\/api.w.org\/{rel}","templated":true}]}}