{"id":680,"date":"2025-01-14T16:28:10","date_gmt":"2025-01-14T15:28:10","guid":{"rendered":"http:\/\/valeriebogaert.fr\/?p=680"},"modified":"2025-06-24T09:59:34","modified_gmt":"2025-06-24T07:59:34","slug":"sejour-lacher-prise","status":"publish","type":"post","link":"https:\/\/valeriebogaert.fr\/?p=680","title":{"rendered":"Envie d&#8217;un s\u00e9jour d\u00e9connexion"},"content":{"rendered":"<h2><strong><span style=\"font-family: 'Aptos Display', sans-serif;\">D\u00e9tente &amp; reconnexion \u00e0 soi en Haute-Savoie<\/span> <span style=\"font-family: 'Apple Color Emoji'; mso-bidi-font-family: 'Apple Color Emoji';\">\ud83c\udf3f<\/span><\/strong>\n<strong>Envie de faire une pause et de vous reconnecter \u00e0 l\u2019essentiel ?<\/strong><\/h2>\n<!-- \/wp:heading --><!-- wp:paragraph -->\n\nAvec C\u00e9line nous avons organis\u00e9 du <strong>vendredi 13 juin au dimanche 15 juin 2025 <\/strong>un s\u00e9jour hors du temps \u00e0 Morzine.\n\nEntre <strong>montagnes apaisantes<\/strong>, moments de <strong>bien-\u00eatre<\/strong> et <strong>partages inspirants<\/strong>, nous avons imagin\u00e9 un programme qui invite \u00e0 ralentir et \u00e0 savourer l\u2019instant pr\u00e9sent.\n\n<!-- \/wp:paragraph --><!-- wp:paragraph -->\n\n<!-- \/wp:paragraph --><!-- wp:paragraph -->\n\nOriginaire de la r\u00e9gion, cela a \u00e9t\u00e9 l&#8217;occasion de faire d\u00e9couvrir mes coins pr\u00e9f\u00e9r\u00e9s aux participants, tandis que C\u00e9line, lilloise tomb\u00e9e amoureuse de ces paysages, leur \u00e0 notamment fait profit\u00e9 de son approche de la sophrologie pour travailler souffle et ancrage.\n\n<!-- \/wp:paragraph --><!-- wp:paragraph -->\n\n<strong><span style=\"font-family: 'Apple Color Emoji'; mso-bidi-font-family: 'Apple Color Emoji';\">\ud83c\udfd4\ufe0f <\/span>Au programme de ce week-end de reconnexion \u00e0 soi et \u00e0 la nature :<\/strong>\n<span style=\"font-family: 'Apple Color Emoji'; mso-bidi-font-family: 'Apple Color Emoji';\">\u2714\ufe0f <\/span><strong>Grand bol d\u2019air et randonn\u00e9es<\/strong> pour se ressourcer\n<span style=\"font-family: 'Apple Color Emoji'; mso-bidi-font-family: 'Apple Color Emoji';\">\u2714\ufe0f <\/span><strong>Yoga et sophrologie<\/strong> pour se recentrer\n<span style=\"font-family: 'Apple Color Emoji'; mso-bidi-font-family: 'Apple Color Emoji';\">\u2714\ufe0f <\/span><strong>Les mains dans l&#8217;argile<\/strong> pour se reconnecter aux sens et \u00e0 votre potentiel cr\u00e9atif\n<span style=\"font-family: 'Apple Color Emoji'; mso-bidi-font-family: 'Apple Color Emoji';\">\u2714\ufe0f <\/span><strong>Moments de convivialit\u00e9<\/strong> autour de repas savoyards et d\u2019un ap\u00e9ro fun\n<span style=\"font-family: 'Apple Color Emoji'; mso-bidi-font-family: 'Apple Color Emoji';\">\u2714\ufe0f <\/span>Et bien s\u00fbr, des temps libres pour savourer la s\u00e9r\u00e9nit\u00e9 des montagnes\n\n<!-- \/wp:paragraph --><!-- wp:paragraph -->\n\n<!-- \/wp:paragraph -->\n\n<!-- wp:paragraph -->\n\nNous sommes en train de r\u00e9flechir \u00e0 d&#8217;autres dates et \u00e9ventuellement lieux pour vous proposer de nouvelles bulles d&#8217;air destin\u00e9es \u00e0 vous ressourcer. A suivre&#8230;.\n\nSi vous voulez \u00eatre tenus au courant merci de m&#8217;\u00e9crire \u00e0 vbogaert.coaching@gmail.com\n\n<!-- \/wp:paragraph -->\n\n<!-- wp:image {\"align\":\"center\",\"id\":706,\"width\":\"171px\",\"height\":\"auto\",\"aspectRatio\":\"1.2013348164627364\",\"linkDestination\":\"custom\"} -->\n\n<!-- \/wp:image -->\n\n<!-- wp:jetpack\/tiled-gallery {\"columnWidths\":[[\"45.71529\",\"25.76642\",\"28.51829\"]],\"ids\":[713,714,715]} -->\n<div class=\"wp-block-jetpack-tiled-gallery aligncenter is-style-rectangular\">\n<div class=\"tiled-gallery__gallery\">\n<div class=\"tiled-gallery__row\">\n<div class=\"tiled-gallery__col\" style=\"flex-basis: 45.71529%;\">\n<figure class=\"tiled-gallery__item\"><img decoding=\"async\" src=\"https:\/\/i1.wp.com\/valeriebogaert.fr\/wp-content\/uploads\/2025\/01\/detente-et-yoga-a-Morzine-1024x768.jpg\" alt=\"yoga, un moment de reconnexion au souffle\" data-height=\"1200\" data-id=\"713\" data-link=\"http:\/\/valeriebogaert.fr\/?attachment_id=713\" data-url=\"http:\/\/valeriebogaert.fr\/wp-content\/uploads\/2025\/01\/detente-et-yoga-a-Morzine-1024x768.jpg\" data-width=\"1600\" data-amp-layout=\"responsive\" \/><\/figure>\n<\/div>\n<div class=\"tiled-gallery__col\" style=\"flex-basis: 25.76642%;\">\n<figure class=\"tiled-gallery__item\"><img decoding=\"async\" src=\"https:\/\/i1.wp.com\/valeriebogaert.fr\/wp-content\/uploads\/2025\/01\/le-lac-de-Montriond-768x1024.jpg\" alt=\"reconnexion \u00e0 soi en Haute-Savoie\" data-height=\"2560\" data-id=\"714\" data-link=\"http:\/\/valeriebogaert.fr\/?attachment_id=714\" data-url=\"http:\/\/valeriebogaert.fr\/wp-content\/uploads\/2025\/01\/le-lac-de-Montriond-768x1024.jpg\" data-width=\"1920\" data-amp-layout=\"responsive\" \/><\/figure>\n<\/div>\n<div class=\"tiled-gallery__col\" style=\"flex-basis: 28.51829%;\">\n<figure class=\"tiled-gallery__item\"><img decoding=\"async\" src=\"https:\/\/i0.wp.com\/valeriebogaert.fr\/wp-content\/uploads\/2025\/01\/bienfaits-de-la-poterie-850x1024.jpg\" alt=\"la poterie pour se reconnecter \u00e0 ses sens\" data-height=\"2560\" data-id=\"715\" data-link=\"http:\/\/valeriebogaert.fr\/?attachment_id=715\" data-url=\"http:\/\/valeriebogaert.fr\/wp-content\/uploads\/2025\/01\/bienfaits-de-la-poterie-850x1024.jpg\" data-width=\"2126\" data-amp-layout=\"responsive\" \/><\/figure>\n<\/div>\n<\/div>\n<\/div>\n<\/div>\n<!-- \/wp:jetpack\/tiled-gallery -->","protected":false},"excerpt":{"rendered":"<p>Venez prendre soin de vous lors d&#8217;un WEEK-END D\u00e9tente &#038; Reconnexion \u00e0 Soi en Haute Savoie, \u00e0 Morzine du vendredi 13 Juin au dimanche 15 Juin<br \/>\nVous avez envie de :<br \/>\ngrand bol d\u2019air et randonn\u00e9es en montagne<br \/>\nmoments d\u2019ouverture \u00e0 soi et aux autres<br \/>\nd\u00e9couvrir l\u2019argile pour l\u00e2cher prise<\/p>\n","protected":false},"author":1,"featured_media":690,"comment_status":"open","ping_status":"open","sticky":false,"template":"","format":"standard","meta":{"advanced_seo_description":"S\u00e9jour de reconnexion \u00e0 soi en Haute-Savoie","jetpack_seo_html_title":"reconnexion","jetpack_seo_noindex":false,"footnotes":"","_jetpack_memberships_contains_paid_content":false,"jetpack_publicize_message":"","jetpack_publicize_feature_enabled":false,"jetpack_social_post_already_shared":false,"jetpack_social_options":{"image_generator_settings":{"template":"highway","enabled":false}}},"categories":[23,7],"tags":[24,5,33,34,31,32],"jetpack_publicize_connections":[],"jetpack_sharing_enabled":true,"jetpack_featured_media_url":"https:\/\/i0.wp.com\/valeriebogaert.fr\/wp-content\/uploads\/2025\/01\/visuel-Haute-Savoie-lacher-prise-scaled.jpeg?fit=1920%2C2560&ssl=1","jetpack-related-posts":[],"_links":{"self":[{"href":"https:\/\/valeriebogaert.fr\/index.php?rest_route=\/wp\/v2\/posts\/680"}],"collection":[{"href":"https:\/\/valeriebogaert.fr\/index.php?rest_route=\/wp\/v2\/posts"}],"about":[{"href":"https:\/\/valeriebogaert.fr\/index.php?rest_route=\/wp\/v2\/types\/post"}],"author":[{"embeddable":true,"href":"https:\/\/valeriebogaert.fr\/index.php?rest_route=\/wp\/v2\/users\/1"}],"replies":[{"embeddable":true,"href":"https:\/\/valeriebogaert.fr\/index.php?rest_route=%2Fwp%2Fv2%2Fcomments&post=680"}],"version-history":[{"count":6,"href":"https:\/\/valeriebogaert.fr\/index.php?rest_route=\/wp\/v2\/posts\/680\/revisions"}],"predecessor-version":[{"id":824,"href":"https:\/\/valeriebogaert.fr\/index.php?rest_route=\/wp\/v2\/posts\/680\/revisions\/824"}],"wp:featuredmedia":[{"embeddable":true,"href":"https:\/\/valeriebogaert.fr\/index.php?rest_route=\/wp\/v2\/media\/690"}],"wp:attachment":[{"href":"https:\/\/valeriebogaert.fr\/index.php?rest_route=%2Fwp%2Fv2%2Fmedia&parent=680"}],"wp:term":[{"taxonomy":"category","embeddable":true,"href":"https:\/\/valeriebogaert.fr\/index.php?rest_route=%2Fwp%2Fv2%2Fcategories&post=680"},{"taxonomy":"post_tag","embeddable":true,"href":"https:\/\/valeriebogaert.fr\/index.php?rest_route=%2Fwp%2Fv2%2Ftags&post=680"}],"curies":[{"name":"wp","href":"https:\/\/api.w.org\/{rel}","templated":true}]}}