{"id":798,"date":"2025-11-15T15:08:00","date_gmt":"2025-11-15T14:08:00","guid":{"rendered":"https:\/\/valeriebogaert.fr\/?p=798"},"modified":"2026-04-23T11:02:07","modified_gmt":"2026-04-23T09:02:07","slug":"renforcer-la-cohesion-dequipe-grace-a-la-creation-artistique","status":"publish","type":"post","link":"https:\/\/valeriebogaert.fr\/?p=798","title":{"rendered":"Renforcer la coh\u00e9sion d\u2019\u00e9quipe gr\u00e2ce \u00e0 la cr\u00e9ation artistique"},"content":{"rendered":"\n<h3 class=\"wp-block-heading\">Pourquoi co-cr\u00e9er en \u00e9quipe ?<\/h3>\n\n\n<div class=\"wp-block-image\">\n<figure class=\"alignleft size-medium\"><img decoding=\"async\" loading=\"lazy\" width=\"225\" height=\"300\" src=\"https:\/\/i0.wp.com\/valeriebogaert.fr\/wp-content\/uploads\/2026\/04\/participantes-atelier-fresque-semaineQVCT-225x300.jpg?resize=225%2C300&#038;ssl=1\" alt=\"Participants lors d'un atelier bien-\u00eatre au travail pour la semaine de la QVT\" class=\"wp-image-886\" srcset=\"https:\/\/i0.wp.com\/valeriebogaert.fr\/wp-content\/uploads\/2026\/04\/participantes-atelier-fresque-semaineQVCT-scaled.jpg?resize=225%2C300&amp;ssl=1 225w, https:\/\/i0.wp.com\/valeriebogaert.fr\/wp-content\/uploads\/2026\/04\/participantes-atelier-fresque-semaineQVCT-scaled.jpg?resize=768%2C1024&amp;ssl=1 768w, https:\/\/i0.wp.com\/valeriebogaert.fr\/wp-content\/uploads\/2026\/04\/participantes-atelier-fresque-semaineQVCT-scaled.jpg?resize=1152%2C1536&amp;ssl=1 1152w, https:\/\/i0.wp.com\/valeriebogaert.fr\/wp-content\/uploads\/2026\/04\/participantes-atelier-fresque-semaineQVCT-scaled.jpg?resize=1536%2C2048&amp;ssl=1 1536w, https:\/\/i0.wp.com\/valeriebogaert.fr\/wp-content\/uploads\/2026\/04\/participantes-atelier-fresque-semaineQVCT-scaled.jpg?resize=45%2C60&amp;ssl=1 45w, https:\/\/i0.wp.com\/valeriebogaert.fr\/wp-content\/uploads\/2026\/04\/participantes-atelier-fresque-semaineQVCT-scaled.jpg?w=1920&amp;ssl=1 1920w, https:\/\/i0.wp.com\/valeriebogaert.fr\/wp-content\/uploads\/2026\/04\/participantes-atelier-fresque-semaineQVCT-scaled.jpg?w=1620 1620w\" sizes=\"(max-width: 225px) 100vw, 225px\" data-recalc-dims=\"1\" \/><\/figure><\/div>\n\n\n<p>La <strong>cr\u00e9ation artistique collective<\/strong> est un levier puissant pour renforcer la <strong>coh\u00e9sion d\u2019\u00e9quipe<\/strong>, partager des valeurs communes et encourager la communication. <\/p>\n\n\n\n<p>Un levier pour la QVT. En r\u00e9alisant ensemble une \u0153uvre originale, les collaborateurs vivent une exp\u00e9rience humaine forte, favorisant l\u2019\u00e9coute, l&#8217;entraide et le plaisir de faire ensemble.<\/p>\n\n\n\n<h3 class=\"wp-block-heading\">Une d\u00e9marche sur-mesure, inspir\u00e9e de votre identit\u00e9<\/h3>\n\n\n\n<p>En amont de l\u2019atelier artistique, un rendez-vous permet de d\u00e9finir ensemble le style qui correspond \u00e0 votre culture d\u2019entreprise. \u00c0 la mani\u00e8re de <strong>Matisse, Keith Haring<\/strong> ou d&#8217;autres artistes embl\u00e9matiques, nous co-construisons un univers visuel qui vous ressemble.<\/p>\n\n\n\n<p>Le jour J, en tant qu&#8217;<strong>artiste plasticienne et coach professionnelle<\/strong>, je vous guide pas \u00e0 pas pour lib\u00e9rer votre cr\u00e9ativit\u00e9, renforcer la confiance en soi et&#8230; passer \u00e0 l\u2019action !<\/p>\n\n\n\n<div class=\"wp-block-jetpack-tiled-gallery aligncenter is-style-rectangular\"><div class=\"tiled-gallery__gallery\"><div class=\"tiled-gallery__row\"><div class=\"tiled-gallery__col\" style=\"flex-basis:52.51811%\"><figure class=\"tiled-gallery__item\"><img decoding=\"async\" srcset=\"https:\/\/i1.wp.com\/valeriebogaert.fr\/wp-content\/uploads\/2025\/04\/oeuvre-collective-sur-les-valeurs.jpg?strip=info&#038;w=600&#038;ssl=1 600w,https:\/\/i1.wp.com\/valeriebogaert.fr\/wp-content\/uploads\/2025\/04\/oeuvre-collective-sur-les-valeurs.jpg?strip=info&#038;w=900&#038;ssl=1 900w,https:\/\/i1.wp.com\/valeriebogaert.fr\/wp-content\/uploads\/2025\/04\/oeuvre-collective-sur-les-valeurs.jpg?strip=info&#038;w=941&#038;ssl=1 941w\" alt=\"\" data-height=\"328\" data-id=\"803\" data-link=\"https:\/\/valeriebogaert.fr\/?attachment_id=803\" data-url=\"https:\/\/valeriebogaert.fr\/wp-content\/uploads\/2025\/04\/oeuvre-collective-sur-les-valeurs.jpg\" data-width=\"941\" src=\"https:\/\/i1.wp.com\/valeriebogaert.fr\/wp-content\/uploads\/2025\/04\/oeuvre-collective-sur-les-valeurs.jpg?ssl=1\" data-amp-layout=\"responsive\"\/><\/figure><\/div><div class=\"tiled-gallery__col\" style=\"flex-basis:13.85207%\"><figure class=\"tiled-gallery__item\"><img decoding=\"async\" srcset=\"https:\/\/i0.wp.com\/valeriebogaert.fr\/wp-content\/uploads\/2025\/04\/Team-building-artistique-768x1024.jpg?strip=info&#038;w=600&#038;ssl=1 600w,https:\/\/i0.wp.com\/valeriebogaert.fr\/wp-content\/uploads\/2025\/04\/Team-building-artistique-768x1024.jpg?strip=info&#038;w=900&#038;ssl=1 900w,https:\/\/i0.wp.com\/valeriebogaert.fr\/wp-content\/uploads\/2025\/04\/Team-building-artistique-768x1024.jpg?strip=info&#038;w=1200&#038;ssl=1 1200w,https:\/\/i0.wp.com\/valeriebogaert.fr\/wp-content\/uploads\/2025\/04\/Team-building-artistique-768x1024.jpg?strip=info&#038;w=1500&#038;ssl=1 1500w,https:\/\/i0.wp.com\/valeriebogaert.fr\/wp-content\/uploads\/2025\/04\/Team-building-artistique-768x1024.jpg?strip=info&#038;w=1800&#038;ssl=1 1800w,https:\/\/i0.wp.com\/valeriebogaert.fr\/wp-content\/uploads\/2025\/04\/Team-building-artistique-768x1024.jpg?strip=info&#038;w=1920&#038;ssl=1 1920w\" alt=\"\" data-height=\"2560\" data-id=\"801\" data-link=\"https:\/\/valeriebogaert.fr\/?attachment_id=801\" data-url=\"https:\/\/valeriebogaert.fr\/wp-content\/uploads\/2025\/04\/Team-building-artistique-768x1024.jpg\" data-width=\"1920\" src=\"https:\/\/i0.wp.com\/valeriebogaert.fr\/wp-content\/uploads\/2025\/04\/Team-building-artistique-768x1024.jpg?ssl=1\" data-amp-layout=\"responsive\"\/><\/figure><\/div><div class=\"tiled-gallery__col\" style=\"flex-basis:13.85207%\"><figure class=\"tiled-gallery__item\"><img decoding=\"async\" srcset=\"https:\/\/i1.wp.com\/valeriebogaert.fr\/wp-content\/uploads\/2025\/04\/Creation-collective-team-building-768x1024.jpg?strip=info&#038;w=600&#038;ssl=1 600w,https:\/\/i1.wp.com\/valeriebogaert.fr\/wp-content\/uploads\/2025\/04\/Creation-collective-team-building-768x1024.jpg?strip=info&#038;w=900&#038;ssl=1 900w,https:\/\/i1.wp.com\/valeriebogaert.fr\/wp-content\/uploads\/2025\/04\/Creation-collective-team-building-768x1024.jpg?strip=info&#038;w=1200&#038;ssl=1 1200w,https:\/\/i1.wp.com\/valeriebogaert.fr\/wp-content\/uploads\/2025\/04\/Creation-collective-team-building-768x1024.jpg?strip=info&#038;w=1500&#038;ssl=1 1500w,https:\/\/i1.wp.com\/valeriebogaert.fr\/wp-content\/uploads\/2025\/04\/Creation-collective-team-building-768x1024.jpg?strip=info&#038;w=1800&#038;ssl=1 1800w,https:\/\/i1.wp.com\/valeriebogaert.fr\/wp-content\/uploads\/2025\/04\/Creation-collective-team-building-768x1024.jpg?strip=info&#038;w=1920&#038;ssl=1 1920w\" alt=\"\" data-height=\"2560\" data-id=\"812\" data-link=\"https:\/\/valeriebogaert.fr\/?attachment_id=812\" data-url=\"https:\/\/valeriebogaert.fr\/wp-content\/uploads\/2025\/04\/Creation-collective-team-building-768x1024.jpg\" data-width=\"1920\" src=\"https:\/\/i1.wp.com\/valeriebogaert.fr\/wp-content\/uploads\/2025\/04\/Creation-collective-team-building-768x1024.jpg?ssl=1\" data-amp-layout=\"responsive\"\/><\/figure><\/div><div class=\"tiled-gallery__col\" style=\"flex-basis:19.77774%\"><figure class=\"tiled-gallery__item\"><img decoding=\"async\" srcset=\"https:\/\/i2.wp.com\/valeriebogaert.fr\/wp-content\/uploads\/2025\/04\/Preparation-tableau-ADN-entreprise-1024x953.jpg?strip=info&#038;w=600&#038;ssl=1 600w,https:\/\/i2.wp.com\/valeriebogaert.fr\/wp-content\/uploads\/2025\/04\/Preparation-tableau-ADN-entreprise-1024x953.jpg?strip=info&#038;w=900&#038;ssl=1 900w,https:\/\/i2.wp.com\/valeriebogaert.fr\/wp-content\/uploads\/2025\/04\/Preparation-tableau-ADN-entreprise-1024x953.jpg?strip=info&#038;w=1200&#038;ssl=1 1200w,https:\/\/i2.wp.com\/valeriebogaert.fr\/wp-content\/uploads\/2025\/04\/Preparation-tableau-ADN-entreprise-1024x953.jpg?strip=info&#038;w=1500&#038;ssl=1 1500w,https:\/\/i2.wp.com\/valeriebogaert.fr\/wp-content\/uploads\/2025\/04\/Preparation-tableau-ADN-entreprise-1024x953.jpg?strip=info&#038;w=1800&#038;ssl=1 1800w,https:\/\/i2.wp.com\/valeriebogaert.fr\/wp-content\/uploads\/2025\/04\/Preparation-tableau-ADN-entreprise-1024x953.jpg?strip=info&#038;w=2000&#038;ssl=1 2000w\" alt=\"\" data-height=\"2382\" data-id=\"813\" data-link=\"https:\/\/valeriebogaert.fr\/?attachment_id=813\" data-url=\"https:\/\/valeriebogaert.fr\/wp-content\/uploads\/2025\/04\/Preparation-tableau-ADN-entreprise-1024x953.jpg\" data-width=\"2560\" src=\"https:\/\/i2.wp.com\/valeriebogaert.fr\/wp-content\/uploads\/2025\/04\/Preparation-tableau-ADN-entreprise-1024x953.jpg?ssl=1\" data-amp-layout=\"responsive\"\/><\/figure><\/div><\/div><\/div><\/div>\n\n\n\n<h3 class=\"wp-block-heading\">Une \u0153uvre collective, un souvenir durable<\/h3>\n\n\n\n<p>Cette <strong>activit\u00e9 ludique et f\u00e9d\u00e9ratrice<\/strong> \u00e0 la fois laisse une trace concr\u00e8te et m\u00e9morable. L&#8217; \u0153uvre collaborative pourra ainsi \u00eatre expos\u00e9e par exemple dans vos locaux, rappelant \u00e0 chacun les valeurs partag\u00e9es et l\u2019\u00e9nergie du moment v\u00e9cu.<\/p>\n\n\n\n<h3 class=\"wp-block-heading\">Un outil de communication visuelle<\/h3>\n\n\n\n<p>Pour aller plus loin, il est possible d&#8217;int\u00e9grer votre <strong>charte graphique<\/strong> et vos <strong>couleurs<\/strong> dans la cr\u00e9ation artistique. L\u2019\u0153uvre devient alors un <strong>support de communication visuelle<\/strong>, coh\u00e9rent avec votre image de marque.<\/p>\n\n\n\n<h3 class=\"wp-block-heading\">Une alternative marketing cr\u00e9ative<\/h3>\n\n\n\n<p>Si vous souhaitez utiliser l\u2019art comme vecteur marketing sans impliquer directement vos \u00e9quipes dans la cr\u00e9ation, je collabore avec Fake Art, entreprise lyonnaise partenaire qui propose des supports personnalis\u00e9s, du <strong>foulard en soie sur-mesure<\/strong> \u00e0 la <strong>sculpture 3D<\/strong>. Ces objets uniques et artistiques peuvent r\u00e9pondre \u00e0 des besoins vari\u00e9s : cadeaux d\u2019affaires, objets d\u2019image ou \u00e9l\u00e9ments de d\u00e9coration. Pour en savoir plus sur notre proposition de valeur commune, d\u00e9couvrez comment <a href=\"https:\/\/hamecon.fakeart.fr\/com-interne\" data-type=\"link\" data-id=\"https:\/\/hamecon.fakeart.fr\/com-interne\">mettre en avant l&#8217;ADN de votre collectif gr\u00e2ce \u00e0 l&#8217;art !<\/a><\/p>\n\n\n<div class=\"wp-block-image\">\n<figure class=\"alignleft size-large is-resized\"><img decoding=\"async\" loading=\"lazy\" width=\"810\" height=\"985\" src=\"https:\/\/i0.wp.com\/valeriebogaert.fr\/wp-content\/uploads\/2025\/04\/valeurs-a-la-maniere-de-Matisse-842x1024.jpg?resize=810%2C985&#038;ssl=1\" alt=\"Exemples d\u2019objets personnalis\u00e9s artistiques pour la communication d\u2019entreprise : foulard, sculpture 3D, affiche\" class=\"wp-image-804\" style=\"aspect-ratio:0.822265625;width:157px;height:auto\" srcset=\"https:\/\/i0.wp.com\/valeriebogaert.fr\/wp-content\/uploads\/2025\/04\/valeurs-a-la-maniere-de-Matisse.jpg?resize=842%2C1024&amp;ssl=1 842w, https:\/\/i0.wp.com\/valeriebogaert.fr\/wp-content\/uploads\/2025\/04\/valeurs-a-la-maniere-de-Matisse.jpg?resize=247%2C300&amp;ssl=1 247w, https:\/\/i0.wp.com\/valeriebogaert.fr\/wp-content\/uploads\/2025\/04\/valeurs-a-la-maniere-de-Matisse.jpg?resize=768%2C934&amp;ssl=1 768w, https:\/\/i0.wp.com\/valeriebogaert.fr\/wp-content\/uploads\/2025\/04\/valeurs-a-la-maniere-de-Matisse.jpg?resize=49%2C60&amp;ssl=1 49w, https:\/\/i0.wp.com\/valeriebogaert.fr\/wp-content\/uploads\/2025\/04\/valeurs-a-la-maniere-de-Matisse.jpg?w=1252&amp;ssl=1 1252w\" sizes=\"(max-width: 810px) 100vw, 810px\" data-recalc-dims=\"1\" \/><\/figure><\/div>\n\n\n<h3 class=\"wp-block-heading\">Envie d\u2019en savoir plus ?<\/h3>\n\n\n\n<p>Que vous cherchiez \u00e0 dynamiser un s\u00e9minaire, renforcer la coh\u00e9sion ou valoriser votre identit\u00e9 par l\u2019art, je vous accompagne depuis 2016 dans la cr\u00e9ation d\u2019exp\u00e9riences artistiques uniques.<\/p>\n\n\n\n<hr class=\"wp-block-separator has-alpha-channel-opacity\"\/>\n","protected":false},"excerpt":{"rendered":"<p>Renforcez la coh\u00e9sion d&#8217;\u00e9quipe gr\u00e2ce \u00e0 la cr\u00e9ation artistique : une exp\u00e9rience collaborative, humaine et m\u00e9morable, guid\u00e9e par une artiste coach.<\/p>\n","protected":false},"author":1,"featured_media":799,"comment_status":"open","ping_status":"open","sticky":false,"template":"","format":"standard","meta":{"advanced_seo_description":"Renforcez la coh\u00e9sion d'\u00e9quipe gr\u00e2ce \u00e0 la cr\u00e9ation artistique : une exp\u00e9rience collaborative, humaine et m\u00e9morable, guid\u00e9e par une artiste coach.","jetpack_seo_html_title":"Renforcez la coh\u00e9sion d'\u00e9quipe gr\u00e2ce \u00e0 la cr\u00e9ation artistique","jetpack_seo_noindex":false,"footnotes":"","_jetpack_memberships_contains_paid_content":false,"jetpack_publicize_message":"","jetpack_publicize_feature_enabled":false,"jetpack_social_post_already_shared":false,"jetpack_social_options":{"image_generator_settings":{"template":"highway","enabled":false}}},"categories":[23,7],"tags":[],"jetpack_publicize_connections":[],"jetpack_sharing_enabled":true,"jetpack_featured_media_url":"https:\/\/i0.wp.com\/valeriebogaert.fr\/wp-content\/uploads\/2025\/04\/JLU-Groupe-25fev2025-0151-web1500-e1744722739620.jpeg?fit=1000%2C1000&ssl=1","jetpack-related-posts":[],"_links":{"self":[{"href":"https:\/\/valeriebogaert.fr\/index.php?rest_route=\/wp\/v2\/posts\/798"}],"collection":[{"href":"https:\/\/valeriebogaert.fr\/index.php?rest_route=\/wp\/v2\/posts"}],"about":[{"href":"https:\/\/valeriebogaert.fr\/index.php?rest_route=\/wp\/v2\/types\/post"}],"author":[{"embeddable":true,"href":"https:\/\/valeriebogaert.fr\/index.php?rest_route=\/wp\/v2\/users\/1"}],"replies":[{"embeddable":true,"href":"https:\/\/valeriebogaert.fr\/index.php?rest_route=%2Fwp%2Fv2%2Fcomments&post=798"}],"version-history":[{"count":10,"href":"https:\/\/valeriebogaert.fr\/index.php?rest_route=\/wp\/v2\/posts\/798\/revisions"}],"predecessor-version":[{"id":890,"href":"https:\/\/valeriebogaert.fr\/index.php?rest_route=\/wp\/v2\/posts\/798\/revisions\/890"}],"wp:featuredmedia":[{"embeddable":true,"href":"https:\/\/valeriebogaert.fr\/index.php?rest_route=\/wp\/v2\/media\/799"}],"wp:attachment":[{"href":"https:\/\/valeriebogaert.fr\/index.php?rest_route=%2Fwp%2Fv2%2Fmedia&parent=798"}],"wp:term":[{"taxonomy":"category","embeddable":true,"href":"https:\/\/valeriebogaert.fr\/index.php?rest_route=%2Fwp%2Fv2%2Fcategories&post=798"},{"taxonomy":"post_tag","embeddable":true,"href":"https:\/\/valeriebogaert.fr\/index.php?rest_route=%2Fwp%2Fv2%2Ftags&post=798"}],"curies":[{"name":"wp","href":"https:\/\/api.w.org\/{rel}","templated":true}]}}